{"id":36261,"date":"2026-08-31T20:14:07","date_gmt":"2026-08-31T18:14:07","guid":{"rendered":"https:\/\/www.fundaciocaixarural.org\/?p=36261"},"modified":"2026-08-31T20:14:07","modified_gmt":"2026-08-31T18:14:07","slug":"la-nostra-participacio-en-els-actes-de-les-festes-de-la-mare-de-deu-de-gracia","status":"publish","type":"post","link":"https:\/\/www.fundaciocaixarural.org\/es\/la-nostra-participacio-en-els-actes-de-les-festes-de-la-mare-de-deu-de-gracia\/","title":{"rendered":"Nuestra participaci\u00f3n en los actos de las fiestas de la Virgen de Gracia"},"content":{"rendered":"<p><span style=\"color: #000000;\"><strong>PARTICIPACI\u00d3N DE FUNDACI\u00d3 CAIXA RURAL VILA-REAL EN LAS FIESTAS DE LA VIRGEN DE GRACIA 2026<\/strong><\/span><\/p>\n<p><strong><span style=\"color: #000000;\">JUEVES 3 DE SEPTIEMBRE- 19.30 HORAS- SALAS DE EXPOSICIONES DE FUNDACI\u00d3 CAIXA RURAL<\/span><\/strong><\/p>\n<p><span style=\"color: #000000;\">Inauguraci\u00f3n de las exposiciones y presentaci\u00f3n del cuadro de Sonia S\u00e1nchez Bosquet, actual presidenta de Caixa Rural Vila-real. Las exposiciones permanecer\u00e1n abiertas hasta el domingo, 13 de septiembre, de 18 a 21 horas.<\/span><\/p>\n<p><span style=\"color: #000000;\">-Miguel Carda &#8211;&nbsp;&nbsp;&#8220;Banksy, el grafiti y el arte pop&#8221; &#8211;&nbsp;&nbsp;Acr\u00edlico sobre lienzo&nbsp;&nbsp;(4\u00aa planta)<\/span><br \/>\n<span style=\"color: #000000;\">-Francisca Poyatos &#8211; &#8220;D\u00e0rsenes&#8221; &#8211; Aceites, acr\u00edlicos y t\u00e9cnica mixta (3\u00aa planta)<\/span><br \/>\n<span style=\"color: #000000;\">-&#8220;Nuestra historia a trav\u00e9s de las miradas&#8221; &#8211; Galer\u00eda de retratos de los presidentes de Caja Rural a lo largo de su historia, con la presentaci\u00f3n del retrato de la Presidenta actual, Sonia S\u00e1nchez, realizado por Juan Claros&nbsp;&nbsp;(2\u00aa planta)<\/span><\/p>\n<p><strong><span style=\"color: #000000;\">VIERNES 4 DE SEPTIEMBRE- 20 HORAS- PLAZA MAYOR<\/span><\/strong><\/p>\n<p><span style=\"color: #000000;\">Ofrenda de flores a la Virgen de Gracia<\/span><\/p>\n<p><strong><span style=\"color: #000000;\">LUNES 7 DE SEPTIEMBRE- 18.30 HORAS- PLAZA MAYOR<\/span><\/strong><\/p>\n<p><span style=\"color: #000000;\">Entrega del Morter Fester y Encuentro de elaboraci\u00f3n de ajoaceite&nbsp;<\/span><\/p>\n<p><strong><span style=\"color: #000000;\">MARTES 8 DE SEPTIEMBRE- 21 HORAS- PARQUE DE LA MAYORAZGA<\/span><\/strong><\/p>\n<p><span style=\"color: #000000;\">Macrocena de <em>pa i porta<\/em> de vecinos y vecinas<\/span><\/p>\n<p><strong><span style=\"color: #000000;\">JUEVES 10 DE SEPTIEMBRE- 22 HORAS- SAL\u00d3N DE ACTOS DE FUNDACI\u00d3 CAIXA RURAL<\/span><\/strong><\/p>\n<p><span style=\"color: #000000;\">Teatro valenciano a cargo del Grupo de Teatro Tabola<\/span><\/p>\n<p><strong><span style=\"color: #000000;\">VIERNES 11 DE SEPTIEMBRE- 13 HORAS- CENTRO DE CONGRESOS<\/span><\/strong><\/p>\n<p><span style=\"color: #000000;\">Paella monumental de la Tercera Edad<\/span><\/p>\n<p><strong><span style=\"color: #000000;\">S\u00c1BADO 12 DE SEPTIEMBRE- 15 HORAS- AVENIDA LA MUR\u00c0<\/span><\/strong><\/p>\n<p><span style=\"color: #000000;\">Concurso de paellas para pe\u00f1as<\/span><\/p>\n<p><strong><span style=\"color: #000000;\">S\u00c1BADO 12 DE SEPTIEMBRE- 18.30 HORAS- SAL\u00d3N DE ACTOS DE FUNDACI\u00d3 CAIXA RURAL<\/span><\/strong><\/p>\n<p><span style=\"color: #000000;\">Concurso de &#8216;Reclam bucal&#8217; organizado por Apaval<\/span><\/p>","protected":false},"excerpt":{"rendered":"<p>PARTICIPACI\u00d3N DE FUNDACI\u00d3 CAIXA RURAL VILA-REAL EN LAS FIESTAS DE LA VIRGEN DE GRACIA 2026 JUEVES 3 DE SEPTIEMBRE- 19.30 HORAS- SALAS DE EXPOSICIONES DE FUNDACI\u00d3 CAIXA RURAL Inauguraci\u00f3n de &#8230;<\/p>\n","protected":false},"author":5,"featured_media":36263,"comment_status":"closed","ping_status":"closed","sticky":false,"template":"","format":"standard","meta":{"ngg_post_thumbnail":0,"footnotes":"","_links_to":"","_links_to_target":""},"categories":[21],"tags":[],"class_list":["post-36261","post","type-post","status-publish","format-standard","has-post-thumbnail","hentry","category-actes-i-esdeveniments"],"_links":{"self":[{"href":"https:\/\/www.fundaciocaixarural.org\/es\/wp-json\/wp\/v2\/posts\/36261","targetHints":{"allow":["GET"]}}],"collection":[{"href":"https:\/\/www.fundaciocaixarural.org\/es\/wp-json\/wp\/v2\/posts"}],"about":[{"href":"https:\/\/www.fundaciocaixarural.org\/es\/wp-json\/wp\/v2\/types\/post"}],"author":[{"embeddable":true,"href":"https:\/\/www.fundaciocaixarural.org\/es\/wp-json\/wp\/v2\/users\/5"}],"replies":[{"embeddable":true,"href":"https:\/\/www.fundaciocaixarural.org\/es\/wp-json\/wp\/v2\/comments?post=36261"}],"version-history":[{"count":1,"href":"https:\/\/www.fundaciocaixarural.org\/es\/wp-json\/wp\/v2\/posts\/36261\/revisions"}],"predecessor-version":[{"id":36262,"href":"https:\/\/www.fundaciocaixarural.org\/es\/wp-json\/wp\/v2\/posts\/36261\/revisions\/36262"}],"wp:featuredmedia":[{"embeddable":true,"href":"https:\/\/www.fundaciocaixarural.org\/es\/wp-json\/wp\/v2\/media\/36263"}],"wp:attachment":[{"href":"https:\/\/www.fundaciocaixarural.org\/es\/wp-json\/wp\/v2\/media?parent=36261"}],"wp:term":[{"taxonomy":"category","embeddable":true,"href":"https:\/\/www.fundaciocaixarural.org\/es\/wp-json\/wp\/v2\/categories?post=36261"},{"taxonomy":"post_tag","embeddable":true,"href":"https:\/\/www.fundaciocaixarural.org\/es\/wp-json\/wp\/v2\/tags?post=36261"}],"curies":[{"name":"wp","href":"https:\/\/api.w.org\/{rel}","templated":true}]}}